{"id":42677,"date":"2025-05-26T09:50:36","date_gmt":"2025-05-26T13:50:36","guid":{"rendered":"https:\/\/taste-it.ca\/?p=42677"},"modified":"2025-05-26T09:50:56","modified_gmt":"2025-05-26T13:50:56","slug":"%f0%9f%93%ac-postes-canada-de-retour-pour-les-livraisons-mise-a-jour-taste-it","status":"publish","type":"post","link":"https:\/\/taste-it.ca\/fr\/%f0%9f%93%ac-postes-canada-de-retour-pour-les-livraisons-mise-a-jour-taste-it\/","title":{"rendered":"\ud83d\udcec Postes Canada de retour pour les livraisons \u2013 Mise \u00e0 jour Taste It"},"content":{"rendered":"<p data-start=\"284\" data-end=\"298\">Chers clients,<\/p>\n<p data-start=\"300\" data-end=\"490\">Nous vous informons que <strong data-start=\"324\" data-end=\"393\">la m\u00e9thode d\u2019exp\u00e9dition via Postes Canada est d\u00e9sormais r\u00e9activ\u00e9e<\/strong> pour vos commandes sur Taste It, incluant l\u2019option de <strong data-start=\"448\" data-end=\"489\">livraison gratuite \u00e0 partir de 49,99$<\/strong>.<\/p>\n<p data-start=\"492\" data-end=\"749\">\u00c0 ce jour, <strong data-start=\"503\" data-end=\"549\">aucune gr\u00e8ve officielle n\u2019a \u00e9t\u00e9 d\u00e9clench\u00e9e<\/strong> par Postes Canada. Cependant, des actions syndicales telles que <strong data-start=\"614\" data-end=\"655\">la coupure des heures suppl\u00e9mentaires<\/strong> ralentissent le traitement des colis, ce qui pourrait entra\u00eener <strong data-start=\"720\" data-end=\"748\">des retards de livraison<\/strong>.<\/p>\n<p data-start=\"751\" data-end=\"782\">\ud83d\udc49 <strong data-start=\"754\" data-end=\"780\">Ce qu\u2019il faut savoir :<\/strong><\/p>\n<ul data-start=\"783\" data-end=\"1183\">\n<li data-start=\"783\" data-end=\"869\">\n<p data-start=\"785\" data-end=\"869\">La livraison gratuite via Postes Canada est de nouveau offerte \u00e0 partir de 49,99$.<\/p>\n<\/li>\n<li data-start=\"870\" data-end=\"953\">\n<p data-start=\"872\" data-end=\"953\">Des <strong data-start=\"876\" data-end=\"917\">d\u00e9lais suppl\u00e9mentaires sont possibles<\/strong>, ind\u00e9pendamment de notre volont\u00e9.<\/p>\n<\/li>\n<li data-start=\"954\" data-end=\"1072\">\n<p data-start=\"956\" data-end=\"1072\">Taste It <strong data-start=\"965\" data-end=\"1000\">ne pourra \u00eatre tenu responsable<\/strong> des retards occasionn\u00e9s par la situation actuelle chez Postes Canada.<\/p>\n<\/li>\n<li data-start=\"1073\" data-end=\"1183\">\n<p data-start=\"1075\" data-end=\"1183\">Si vous pr\u00e9f\u00e9rez une alternative plus rapide, <strong data-start=\"1121\" data-end=\"1143\">l\u2019option Purolator<\/strong> reste disponible au moment du paiement.<\/p>\n<\/li>\n<\/ul>\n<p data-start=\"1185\" data-end=\"1251\">Nous vous remercions de votre compr\u00e9hension et de votre confiance.<\/p>\n<p data-start=\"1253\" data-end=\"1315\">L\u2019\u00e9quipe Taste It<\/p>\n","protected":false},"excerpt":{"rendered":"<p>Chers clients, Nous vous informons que la m\u00e9thode d\u2019exp\u00e9dition via Postes Canada est d\u00e9sormais r\u00e9activ\u00e9e pour vos commandes sur Taste It, incluant l\u2019option de livraison gratuite \u00e0 partir de 49,99$. \u00c0 ce jour, aucune gr\u00e8ve officielle n\u2019a \u00e9t\u00e9 d\u00e9clench\u00e9e par Postes Canada. Cependant, des actions syndicales telles que la coupure des heures suppl\u00e9mentaires ralentissent le [&hellip;]<\/p>\n","protected":false},"author":1,"featured_media":42675,"comment_status":"open","ping_status":"closed","sticky":false,"template":"","format":"standard","meta":{"footnotes":""},"categories":[2768],"tags":[],"class_list":["post-42677","post","type-post","status-publish","format-standard","has-post-thumbnail","hentry","category-actualites"],"featured_image_src":{"landsacpe":["https:\/\/taste-it.ca\/wp-content\/uploads\/2025\/05\/canada-post-reactivation-2025-taste-it.jpg",770,439,false],"list":["https:\/\/taste-it.ca\/wp-content\/uploads\/2025\/05\/canada-post-reactivation-2025-taste-it-463x348.jpg",463,348,true],"medium":["https:\/\/taste-it.ca\/wp-content\/uploads\/2025\/05\/canada-post-reactivation-2025-taste-it-300x171.jpg",300,171,true],"full":["https:\/\/taste-it.ca\/wp-content\/uploads\/2025\/05\/canada-post-reactivation-2025-taste-it.jpg",770,439,false]},"_links":{"self":[{"href":"https:\/\/taste-it.ca\/fr\/wp-json\/wp\/v2\/posts\/42677","targetHints":{"allow":["GET"]}}],"collection":[{"href":"https:\/\/taste-it.ca\/fr\/wp-json\/wp\/v2\/posts"}],"about":[{"href":"https:\/\/taste-it.ca\/fr\/wp-json\/wp\/v2\/types\/post"}],"author":[{"embeddable":true,"href":"https:\/\/taste-it.ca\/fr\/wp-json\/wp\/v2\/users\/1"}],"replies":[{"embeddable":true,"href":"https:\/\/taste-it.ca\/fr\/wp-json\/wp\/v2\/comments?post=42677"}],"version-history":[{"count":1,"href":"https:\/\/taste-it.ca\/fr\/wp-json\/wp\/v2\/posts\/42677\/revisions"}],"predecessor-version":[{"id":42678,"href":"https:\/\/taste-it.ca\/fr\/wp-json\/wp\/v2\/posts\/42677\/revisions\/42678"}],"wp:featuredmedia":[{"embeddable":true,"href":"https:\/\/taste-it.ca\/fr\/wp-json\/wp\/v2\/media\/42675"}],"wp:attachment":[{"href":"https:\/\/taste-it.ca\/fr\/wp-json\/wp\/v2\/media?parent=42677"}],"wp:term":[{"taxonomy":"category","embeddable":true,"href":"https:\/\/taste-it.ca\/fr\/wp-json\/wp\/v2\/categories?post=42677"},{"taxonomy":"post_tag","embeddable":true,"href":"https:\/\/taste-it.ca\/fr\/wp-json\/wp\/v2\/tags?post=42677"}],"curies":[{"name":"wp","href":"https:\/\/api.w.org\/{rel}","templated":true}]}}