{"id":40575,"date":"2024-11-15T12:46:59","date_gmt":"2024-11-15T17:46:59","guid":{"rendered":"https:\/\/taste-it.ca\/2024\/11\/15\/mise-a-jour-importante-sur-la-situation-de-livraison-greve-de-canada-post\/"},"modified":"2024-11-15T12:48:42","modified_gmt":"2024-11-15T17:48:42","slug":"mise-a-jour-importante-sur-la-situation-de-livraison-greve-de-canada-post","status":"publish","type":"post","link":"https:\/\/taste-it.ca\/fr\/mise-a-jour-importante-sur-la-situation-de-livraison-greve-de-canada-post\/","title":{"rendered":"Mise \u00e0 jour importante sur la situation de livraison : gr\u00e8ve de Canada Post"},"content":{"rendered":"<p>Chers clients,<\/p>\n<p>Nous souhaitons vous informer d&rsquo;une situation exceptionnelle qui pourrait temporairement affecter la livraison de vos commandes. Depuis le 15 novembre 2024, le Syndicat des travailleurs et travailleuses des postes (STTP) a entam\u00e9 une gr\u00e8ve nationale, perturbant les services de Postes Canada.<\/p>\n<h3>Points cl\u00e9s \u00e0 retenir :<\/h3>\n<ol>\n<li>Dur\u00e9e pr\u00e9vue de la gr\u00e8ve : D&rsquo;apr\u00e8s les derni\u00e8res informations, cette gr\u00e8ve ne devrait pas durer longtemps et pourrait \u00eatre r\u00e9solue en quelques jours. Nous surveillons attentivement la situation et vous tiendrons inform\u00e9s de toute \u00e9volution.<\/li>\n<li>Impact sur la livraison gratuite : L&rsquo;option de livraison gratuite que nous proposons passe par le service \u00ab\u00a0Expedited\u00a0\u00bb de Postes Canada. Par cons\u00e9quent, choisir cette option signifie que votre colis restera en attente tant que la gr\u00e8ve se poursuivra.<\/li>\n<\/ol>\n<h4>Notre engagement envers vous<\/h4>\n<p>Nous comprenons l&rsquo;importance de recevoir vos commandes rapidement. Soyez assur\u00e9s qu&rsquo;\u00e0 la fin de la gr\u00e8ve, tous les envois en attente seront trait\u00e9s et exp\u00e9di\u00e9s le jour m\u00eame.<\/p>\n<p>Nous nous engageons \u00e0 vous tenir inform\u00e9s de tout changement et \u00e0 r\u00e9pondre \u00e0 vos questions.<\/p>\n<p>Merci pour votre patience et votre compr\u00e9hension durant cette p\u00e9riode.<\/p>\n<p>L&rsquo;\u00e9quipe Taste it.<\/p>\n","protected":false},"excerpt":{"rendered":"<p>Chers clients, Nous souhaitons vous informer d&rsquo;une situation exceptionnelle qui pourrait temporairement affecter la livraison de vos commandes. Depuis le 15 novembre 2024, le Syndicat des travailleurs et travailleuses des postes (STTP) a entam\u00e9 une gr\u00e8ve nationale, perturbant les services de Postes Canada. Points cl\u00e9s \u00e0 retenir : Dur\u00e9e pr\u00e9vue de la gr\u00e8ve : D&rsquo;apr\u00e8s [&hellip;]<\/p>\n","protected":false},"author":1,"featured_media":40573,"comment_status":"open","ping_status":"closed","sticky":false,"template":"","format":"standard","meta":{"footnotes":""},"categories":[2768],"tags":[],"class_list":["post-40575","post","type-post","status-publish","format-standard","has-post-thumbnail","hentry","category-actualites"],"featured_image_src":{"landsacpe":["https:\/\/taste-it.ca\/wp-content\/uploads\/2024\/11\/canada-post-greve-jcv.jpg",770,439,false],"list":["https:\/\/taste-it.ca\/wp-content\/uploads\/2024\/11\/canada-post-greve-jcv-463x348.jpg",463,348,true],"medium":["https:\/\/taste-it.ca\/wp-content\/uploads\/2024\/11\/canada-post-greve-jcv-300x171.jpg",300,171,true],"full":["https:\/\/taste-it.ca\/wp-content\/uploads\/2024\/11\/canada-post-greve-jcv.jpg",770,439,false]},"_links":{"self":[{"href":"https:\/\/taste-it.ca\/fr\/wp-json\/wp\/v2\/posts\/40575","targetHints":{"allow":["GET"]}}],"collection":[{"href":"https:\/\/taste-it.ca\/fr\/wp-json\/wp\/v2\/posts"}],"about":[{"href":"https:\/\/taste-it.ca\/fr\/wp-json\/wp\/v2\/types\/post"}],"author":[{"embeddable":true,"href":"https:\/\/taste-it.ca\/fr\/wp-json\/wp\/v2\/users\/1"}],"replies":[{"embeddable":true,"href":"https:\/\/taste-it.ca\/fr\/wp-json\/wp\/v2\/comments?post=40575"}],"version-history":[{"count":1,"href":"https:\/\/taste-it.ca\/fr\/wp-json\/wp\/v2\/posts\/40575\/revisions"}],"predecessor-version":[{"id":40576,"href":"https:\/\/taste-it.ca\/fr\/wp-json\/wp\/v2\/posts\/40575\/revisions\/40576"}],"wp:featuredmedia":[{"embeddable":true,"href":"https:\/\/taste-it.ca\/fr\/wp-json\/wp\/v2\/media\/40573"}],"wp:attachment":[{"href":"https:\/\/taste-it.ca\/fr\/wp-json\/wp\/v2\/media?parent=40575"}],"wp:term":[{"taxonomy":"category","embeddable":true,"href":"https:\/\/taste-it.ca\/fr\/wp-json\/wp\/v2\/categories?post=40575"},{"taxonomy":"post_tag","embeddable":true,"href":"https:\/\/taste-it.ca\/fr\/wp-json\/wp\/v2\/tags?post=40575"}],"curies":[{"name":"wp","href":"https:\/\/api.w.org\/{rel}","templated":true}]}}